{"id":129,"date":"2025-09-27T17:26:57","date_gmt":"2025-09-27T15:26:57","guid":{"rendered":"https:\/\/abensac.es\/?p=129"},"modified":"2026-03-27T09:46:39","modified_gmt":"2026-03-27T08:46:39","slug":"compromiso-social-catering","status":"publish","type":"post","link":"https:\/\/abensac.es\/en\/compromiso-social-catering\/","title":{"rendered":"Social commitment: much more than just a catering service"},"content":{"rendered":"<h2>En Abensac creemos en el poder de la alimentaci\u00f3n para generar empleo, desarrollo local y bienestar social. Te contamos c\u00f3mo lo hacemos realidad.<\/h2>\n<p data-start=\"2821\" data-end=\"3153\">Desde nuestros inicios en 2002, en Abensac tenemos clara una misi\u00f3n: <strong data-start=\"2912\" data-end=\"2970\">alimentar cuidando de las personas y de nuestra tierra<\/strong>. Nuestro compromiso va m\u00e1s all\u00e1 de servir men\u00fas; trabajamos para generar empleo estable en nuestra comarca y apoyar al desarrollo econ\u00f3mico y social de Alcal\u00e1 la Real y su entorno.<\/p>\n<p data-start=\"3155\" data-end=\"3429\">Elegir a Abensac como proveedor de catering significa apostar por un socio con experiencia, solvencia y una fuerte implicaci\u00f3n en el bienestar colectivo. Cada men\u00fa que elaboramos no solo alimenta, tambi\u00e9n contribuye a mantener vivo el tejido social y econ\u00f3mico de la zona.<\/p>\n<p data-start=\"3431\" data-end=\"3535\">Para nosotros, la alimentaci\u00f3n es tambi\u00e9n una forma de devolver a la comunidad lo que nos da cada d\u00eda.<\/p>","protected":false},"excerpt":{"rendered":"<p>En Abensac creemos en el poder de la alimentaci\u00f3n para generar empleo, desarrollo local y bienestar social. Te contamos c\u00f3mo lo hacemos realidad. Desde nuestros inicios en 2002, en Abensac tenemos clara una misi\u00f3n: alimentar cuidando de las personas y de nuestra tierra. Nuestro compromiso va m\u00e1s all\u00e1 de servir men\u00fas; trabajamos para generar empleo [&hellip;]<\/p>","protected":false},"author":1,"featured_media":130,"comment_status":"open","ping_status":"open","sticky":false,"template":"","format":"standard","meta":{"footnotes":""},"categories":[1],"tags":[],"class_list":["post-129","post","type-post","status-publish","format-standard","has-post-thumbnail","hentry","category-sin-categoria"],"yoast_head":"<!-- This site is optimized with the Yoast SEO plugin v26.0 - https:\/\/yoast.com\/wordpress\/plugins\/seo\/ -->\n<title>ABENSAC SCA | Catering con compromiso social real<\/title>\n<meta name=\"description\" content=\"Descubre c\u00f3mo un servicio de catering puede generar impacto social real. Inclusi\u00f3n, sostenibilidad y compromiso m\u00e1s all\u00e1 de la comida.\" \/>\n<meta name=\"robots\" content=\"index, follow, max-snippet:-1, max-image-preview:large, max-video-preview:-1\" \/>\n<link rel=\"canonical\" href=\"https:\/\/abensac.es\/en\/compromiso-social-catering\/\" \/>\n<meta property=\"og:locale\" content=\"en_GB\" \/>\n<meta property=\"og:type\" content=\"article\" \/>\n<meta property=\"og:title\" content=\"ABENSAC SCA | Catering con compromiso social real\" \/>\n<meta property=\"og:description\" content=\"Descubre c\u00f3mo un servicio de catering puede generar impacto social real. Inclusi\u00f3n, sostenibilidad y compromiso m\u00e1s all\u00e1 de la comida.\" \/>\n<meta property=\"og:url\" content=\"https:\/\/abensac.es\/en\/compromiso-social-catering\/\" \/>\n<meta property=\"og:site_name\" content=\"ABENSAC SCA\" \/>\n<meta property=\"article:published_time\" content=\"2025-09-27T15:26:57+00:00\" \/>\n<meta property=\"article:modified_time\" content=\"2026-03-27T08:46:39+00:00\" \/>\n<meta property=\"og:image\" content=\"https:\/\/abensac.es\/wp-content\/uploads\/2025\/09\/20250927_1724_Cesta-Rustica-Fresca_simple_compose_01k65w9az7e8f9ykynpmrnszz9-1024x683.png\" \/>\n\t<meta property=\"og:image:width\" content=\"1024\" \/>\n\t<meta property=\"og:image:height\" content=\"683\" \/>\n\t<meta property=\"og:image:type\" content=\"image\/png\" \/>\n<meta name=\"author\" content=\"webbeard18\" \/>\n<meta name=\"twitter:card\" content=\"summary_large_image\" \/>\n<meta name=\"twitter:label1\" content=\"Written by\" \/>\n\t<meta name=\"twitter:data1\" content=\"webbeard18\" \/>\n\t<meta name=\"twitter:label2\" content=\"Estimated reading time\" \/>\n\t<meta name=\"twitter:data2\" content=\"1 minute\" \/>\n<script type=\"application\/ld+json\" class=\"yoast-schema-graph\">{\"@context\":\"https:\/\/schema.org\",\"@graph\":[{\"@type\":\"WebPage\",\"@id\":\"https:\/\/abensac.es\/compromiso-social-catering\/\",\"url\":\"https:\/\/abensac.es\/compromiso-social-catering\/\",\"name\":\"ABENSAC SCA | Catering con compromiso social real\",\"isPartOf\":{\"@id\":\"https:\/\/abensac.es\/#website\"},\"primaryImageOfPage\":{\"@id\":\"https:\/\/abensac.es\/compromiso-social-catering\/#primaryimage\"},\"image\":{\"@id\":\"https:\/\/abensac.es\/compromiso-social-catering\/#primaryimage\"},\"thumbnailUrl\":\"https:\/\/abensac.es\/wp-content\/uploads\/2025\/09\/20250927_1724_Cesta-Rustica-Fresca_simple_compose_01k65w9az7e8f9ykynpmrnszz9.png\",\"datePublished\":\"2025-09-27T15:26:57+00:00\",\"dateModified\":\"2026-03-27T08:46:39+00:00\",\"author\":{\"@id\":\"https:\/\/abensac.es\/#\/schema\/person\/49b72f276b076cf1ffccdf834a9bd076\"},\"description\":\"Descubre c\u00f3mo un servicio de catering puede generar impacto social real. Inclusi\u00f3n, sostenibilidad y compromiso m\u00e1s all\u00e1 de la comida.\",\"breadcrumb\":{\"@id\":\"https:\/\/abensac.es\/compromiso-social-catering\/#breadcrumb\"},\"inLanguage\":\"en-GB\",\"potentialAction\":[{\"@type\":\"ReadAction\",\"target\":[\"https:\/\/abensac.es\/compromiso-social-catering\/\"]}]},{\"@type\":\"ImageObject\",\"inLanguage\":\"en-GB\",\"@id\":\"https:\/\/abensac.es\/compromiso-social-catering\/#primaryimage\",\"url\":\"https:\/\/abensac.es\/wp-content\/uploads\/2025\/09\/20250927_1724_Cesta-Rustica-Fresca_simple_compose_01k65w9az7e8f9ykynpmrnszz9.png\",\"contentUrl\":\"https:\/\/abensac.es\/wp-content\/uploads\/2025\/09\/20250927_1724_Cesta-Rustica-Fresca_simple_compose_01k65w9az7e8f9ykynpmrnszz9.png\",\"width\":1536,\"height\":1024,\"caption\":\"catering con compromiso social e inclusi\u00f3n\"},{\"@type\":\"BreadcrumbList\",\"@id\":\"https:\/\/abensac.es\/compromiso-social-catering\/#breadcrumb\",\"itemListElement\":[{\"@type\":\"ListItem\",\"position\":1,\"name\":\"Portada\",\"item\":\"https:\/\/abensac.es\/\"},{\"@type\":\"ListItem\",\"position\":2,\"name\":\"Compromiso social: mucho m\u00e1s que un servicio de catering\"}]},{\"@type\":\"WebSite\",\"@id\":\"https:\/\/abensac.es\/#website\",\"url\":\"https:\/\/abensac.es\/\",\"name\":\"ABENSAC SCA\",\"description\":\"\",\"potentialAction\":[{\"@type\":\"SearchAction\",\"target\":{\"@type\":\"EntryPoint\",\"urlTemplate\":\"https:\/\/abensac.es\/?s={search_term_string}\"},\"query-input\":{\"@type\":\"PropertyValueSpecification\",\"valueRequired\":true,\"valueName\":\"search_term_string\"}}],\"inLanguage\":\"en-GB\"},{\"@type\":\"Person\",\"@id\":\"https:\/\/abensac.es\/#\/schema\/person\/49b72f276b076cf1ffccdf834a9bd076\",\"name\":\"webbeard18\",\"image\":{\"@type\":\"ImageObject\",\"inLanguage\":\"en-GB\",\"@id\":\"https:\/\/abensac.es\/#\/schema\/person\/image\/\",\"url\":\"https:\/\/secure.gravatar.com\/avatar\/57c3c7ec0f9d2420d6670a90f06488145d49d358bc9257d2a3af1ecdd0cc7b34?s=96&d=mm&r=g\",\"contentUrl\":\"https:\/\/secure.gravatar.com\/avatar\/57c3c7ec0f9d2420d6670a90f06488145d49d358bc9257d2a3af1ecdd0cc7b34?s=96&d=mm&r=g\",\"caption\":\"webbeard18\"},\"sameAs\":[\"https:\/\/abensac.es\"],\"url\":\"https:\/\/abensac.es\/en\/author\/webbeard18\/\"}]}<\/script>\n<!-- \/ Yoast SEO plugin. -->","yoast_head_json":{"title":"ABENSAC SCA | Catering con compromiso social real","description":"Descubre c\u00f3mo un servicio de catering puede generar impacto social real. Inclusi\u00f3n, sostenibilidad y compromiso m\u00e1s all\u00e1 de la comida.","robots":{"index":"index","follow":"follow","max-snippet":"max-snippet:-1","max-image-preview":"max-image-preview:large","max-video-preview":"max-video-preview:-1"},"canonical":"https:\/\/abensac.es\/en\/compromiso-social-catering\/","og_locale":"en_GB","og_type":"article","og_title":"ABENSAC SCA | Catering con compromiso social real","og_description":"Descubre c\u00f3mo un servicio de catering puede generar impacto social real. Inclusi\u00f3n, sostenibilidad y compromiso m\u00e1s all\u00e1 de la comida.","og_url":"https:\/\/abensac.es\/en\/compromiso-social-catering\/","og_site_name":"ABENSAC SCA","article_published_time":"2025-09-27T15:26:57+00:00","article_modified_time":"2026-03-27T08:46:39+00:00","og_image":[{"width":1024,"height":683,"url":"https:\/\/abensac.es\/wp-content\/uploads\/2025\/09\/20250927_1724_Cesta-Rustica-Fresca_simple_compose_01k65w9az7e8f9ykynpmrnszz9-1024x683.png","type":"image\/png"}],"author":"webbeard18","twitter_card":"summary_large_image","twitter_misc":{"Written by":"webbeard18","Estimated reading time":"1 minute"},"schema":{"@context":"https:\/\/schema.org","@graph":[{"@type":"WebPage","@id":"https:\/\/abensac.es\/compromiso-social-catering\/","url":"https:\/\/abensac.es\/compromiso-social-catering\/","name":"ABENSAC SCA | Catering con compromiso social real","isPartOf":{"@id":"https:\/\/abensac.es\/#website"},"primaryImageOfPage":{"@id":"https:\/\/abensac.es\/compromiso-social-catering\/#primaryimage"},"image":{"@id":"https:\/\/abensac.es\/compromiso-social-catering\/#primaryimage"},"thumbnailUrl":"https:\/\/abensac.es\/wp-content\/uploads\/2025\/09\/20250927_1724_Cesta-Rustica-Fresca_simple_compose_01k65w9az7e8f9ykynpmrnszz9.png","datePublished":"2025-09-27T15:26:57+00:00","dateModified":"2026-03-27T08:46:39+00:00","author":{"@id":"https:\/\/abensac.es\/#\/schema\/person\/49b72f276b076cf1ffccdf834a9bd076"},"description":"Descubre c\u00f3mo un servicio de catering puede generar impacto social real. Inclusi\u00f3n, sostenibilidad y compromiso m\u00e1s all\u00e1 de la comida.","breadcrumb":{"@id":"https:\/\/abensac.es\/compromiso-social-catering\/#breadcrumb"},"inLanguage":"en-GB","potentialAction":[{"@type":"ReadAction","target":["https:\/\/abensac.es\/compromiso-social-catering\/"]}]},{"@type":"ImageObject","inLanguage":"en-GB","@id":"https:\/\/abensac.es\/compromiso-social-catering\/#primaryimage","url":"https:\/\/abensac.es\/wp-content\/uploads\/2025\/09\/20250927_1724_Cesta-Rustica-Fresca_simple_compose_01k65w9az7e8f9ykynpmrnszz9.png","contentUrl":"https:\/\/abensac.es\/wp-content\/uploads\/2025\/09\/20250927_1724_Cesta-Rustica-Fresca_simple_compose_01k65w9az7e8f9ykynpmrnszz9.png","width":1536,"height":1024,"caption":"catering con compromiso social e inclusi\u00f3n"},{"@type":"BreadcrumbList","@id":"https:\/\/abensac.es\/compromiso-social-catering\/#breadcrumb","itemListElement":[{"@type":"ListItem","position":1,"name":"Portada","item":"https:\/\/abensac.es\/"},{"@type":"ListItem","position":2,"name":"Compromiso social: mucho m\u00e1s que un servicio de catering"}]},{"@type":"WebSite","@id":"https:\/\/abensac.es\/#website","url":"https:\/\/abensac.es\/","name":"ABENSAC SCA","description":"","potentialAction":[{"@type":"SearchAction","target":{"@type":"EntryPoint","urlTemplate":"https:\/\/abensac.es\/?s={search_term_string}"},"query-input":{"@type":"PropertyValueSpecification","valueRequired":true,"valueName":"search_term_string"}}],"inLanguage":"en-GB"},{"@type":"Person","@id":"https:\/\/abensac.es\/#\/schema\/person\/49b72f276b076cf1ffccdf834a9bd076","name":"webbeard18","image":{"@type":"ImageObject","inLanguage":"en-GB","@id":"https:\/\/abensac.es\/#\/schema\/person\/image\/","url":"https:\/\/secure.gravatar.com\/avatar\/57c3c7ec0f9d2420d6670a90f06488145d49d358bc9257d2a3af1ecdd0cc7b34?s=96&d=mm&r=g","contentUrl":"https:\/\/secure.gravatar.com\/avatar\/57c3c7ec0f9d2420d6670a90f06488145d49d358bc9257d2a3af1ecdd0cc7b34?s=96&d=mm&r=g","caption":"webbeard18"},"sameAs":["https:\/\/abensac.es"],"url":"https:\/\/abensac.es\/en\/author\/webbeard18\/"}]}},"_links":{"self":[{"href":"https:\/\/abensac.es\/en\/wp-json\/wp\/v2\/posts\/129","targetHints":{"allow":["GET"]}}],"collection":[{"href":"https:\/\/abensac.es\/en\/wp-json\/wp\/v2\/posts"}],"about":[{"href":"https:\/\/abensac.es\/en\/wp-json\/wp\/v2\/types\/post"}],"author":[{"embeddable":true,"href":"https:\/\/abensac.es\/en\/wp-json\/wp\/v2\/users\/1"}],"replies":[{"embeddable":true,"href":"https:\/\/abensac.es\/en\/wp-json\/wp\/v2\/comments?post=129"}],"version-history":[{"count":1,"href":"https:\/\/abensac.es\/en\/wp-json\/wp\/v2\/posts\/129\/revisions"}],"predecessor-version":[{"id":131,"href":"https:\/\/abensac.es\/en\/wp-json\/wp\/v2\/posts\/129\/revisions\/131"}],"wp:featuredmedia":[{"embeddable":true,"href":"https:\/\/abensac.es\/en\/wp-json\/wp\/v2\/media\/130"}],"wp:attachment":[{"href":"https:\/\/abensac.es\/en\/wp-json\/wp\/v2\/media?parent=129"}],"wp:term":[{"taxonomy":"category","embeddable":true,"href":"https:\/\/abensac.es\/en\/wp-json\/wp\/v2\/categories?post=129"},{"taxonomy":"post_tag","embeddable":true,"href":"https:\/\/abensac.es\/en\/wp-json\/wp\/v2\/tags?post=129"}],"curies":[{"name":"wp","href":"https:\/\/api.w.org\/{rel}","templated":true}]}}