{"id":126,"date":"2025-09-27T17:26:07","date_gmt":"2025-09-27T15:26:07","guid":{"rendered":"https:\/\/abensac.es\/?p=126"},"modified":"2026-03-27T09:47:39","modified_gmt":"2026-03-27T08:47:39","slug":"linea-fria-catering","status":"publish","type":"post","link":"https:\/\/abensac.es\/en\/linea-fria-catering\/","title":{"rendered":"How the cold line is revolutionising institutional catering"},"content":{"rendered":"<h2>La l\u00ednea fr\u00eda permite garantizar seguridad, frescura y flexibilidad en la preparaci\u00f3n de men\u00fas. Te contamos c\u00f3mo en Abensac lo aplicamos para mejorar el servicio.<\/h2>\n<p data-start=\"1668\" data-end=\"1989\">La tecnolog\u00eda ha transformado la forma en que concebimos la alimentaci\u00f3n colectiva. En Abensac incorporamos desde 2007 la <strong data-start=\"1812\" data-end=\"1840\">producci\u00f3n en l\u00ednea fr\u00eda<\/strong>, una t\u00e9cnica que nos permite elaborar los men\u00fas, conservarlos en condiciones \u00f3ptimas y garantizar su m\u00e1xima seguridad hasta el momento de consumo.<\/p>\n<p data-start=\"1991\" data-end=\"2269\">Gracias a este sistema, logramos una mayor flexibilidad en la entrega y una calidad constante en cada plato. Adem\u00e1s, favorece la organizaci\u00f3n de los centros con los que trabajamos, ya que permite ajustar el servicio a su din\u00e1mica sin renunciar a un men\u00fa equilibrado y sabroso.<\/p>\n<p data-start=\"2271\" data-end=\"2417\">La innovaci\u00f3n aplicada al catering nos permite dar respuesta a grandes vol\u00famenes, sin perder de vista lo m\u00e1s importante: cuidar de las personas.<\/p>","protected":false},"excerpt":{"rendered":"<p>La l\u00ednea fr\u00eda permite garantizar seguridad, frescura y flexibilidad en la preparaci\u00f3n de men\u00fas. Te contamos c\u00f3mo en Abensac lo aplicamos para mejorar el servicio. La tecnolog\u00eda ha transformado la forma en que concebimos la alimentaci\u00f3n colectiva. En Abensac incorporamos desde 2007 la producci\u00f3n en l\u00ednea fr\u00eda, una t\u00e9cnica que nos permite elaborar los men\u00fas, [&hellip;]<\/p>","protected":false},"author":1,"featured_media":127,"comment_status":"open","ping_status":"open","sticky":false,"template":"","format":"standard","meta":{"footnotes":""},"categories":[1],"tags":[],"class_list":["post-126","post","type-post","status-publish","format-standard","has-post-thumbnail","hentry","category-sin-categoria"],"yoast_head":"<!-- This site is optimized with the Yoast SEO plugin v26.0 - https:\/\/yoast.com\/wordpress\/plugins\/seo\/ -->\n<title>ABENSAC SCA | L\u00ednea fr\u00eda en catering: ventajas clave<\/title>\n<meta name=\"description\" content=\"La l\u00ednea fr\u00eda revoluciona el catering institucional: m\u00e1s seguridad, eficiencia y calidad en cada servicio. Descubre todas sus ventajas.\" \/>\n<meta name=\"robots\" content=\"index, follow, max-snippet:-1, max-image-preview:large, max-video-preview:-1\" \/>\n<link rel=\"canonical\" href=\"https:\/\/abensac.es\/en\/linea-fria-catering\/\" \/>\n<meta property=\"og:locale\" content=\"en_GB\" \/>\n<meta property=\"og:type\" content=\"article\" \/>\n<meta property=\"og:title\" content=\"ABENSAC SCA | L\u00ednea fr\u00eda en catering: ventajas clave\" \/>\n<meta property=\"og:description\" content=\"La l\u00ednea fr\u00eda revoluciona el catering institucional: m\u00e1s seguridad, eficiencia y calidad en cada servicio. Descubre todas sus ventajas.\" \/>\n<meta property=\"og:url\" content=\"https:\/\/abensac.es\/en\/linea-fria-catering\/\" \/>\n<meta property=\"og:site_name\" content=\"ABENSAC SCA\" \/>\n<meta property=\"article:published_time\" content=\"2025-09-27T15:26:07+00:00\" \/>\n<meta property=\"article:modified_time\" content=\"2026-03-27T08:47:39+00:00\" \/>\n<meta property=\"og:image\" content=\"https:\/\/abensac.es\/wp-content\/uploads\/2025\/09\/20250927_1719_Cocineros-en-Accion_simple_compose_01k65w0tstfjc97w1hfs9gncz2-1024x683.png\" \/>\n\t<meta property=\"og:image:width\" content=\"1024\" \/>\n\t<meta property=\"og:image:height\" content=\"683\" \/>\n\t<meta property=\"og:image:type\" content=\"image\/png\" \/>\n<meta name=\"author\" content=\"webbeard18\" \/>\n<meta name=\"twitter:card\" content=\"summary_large_image\" \/>\n<meta name=\"twitter:label1\" content=\"Written by\" \/>\n\t<meta name=\"twitter:data1\" content=\"webbeard18\" \/>\n\t<meta name=\"twitter:label2\" content=\"Estimated reading time\" \/>\n\t<meta name=\"twitter:data2\" content=\"1 minute\" \/>\n<script type=\"application\/ld+json\" class=\"yoast-schema-graph\">{\"@context\":\"https:\/\/schema.org\",\"@graph\":[{\"@type\":\"WebPage\",\"@id\":\"https:\/\/abensac.es\/linea-fria-catering\/\",\"url\":\"https:\/\/abensac.es\/linea-fria-catering\/\",\"name\":\"ABENSAC SCA | L\u00ednea fr\u00eda en catering: ventajas clave\",\"isPartOf\":{\"@id\":\"https:\/\/abensac.es\/#website\"},\"primaryImageOfPage\":{\"@id\":\"https:\/\/abensac.es\/linea-fria-catering\/#primaryimage\"},\"image\":{\"@id\":\"https:\/\/abensac.es\/linea-fria-catering\/#primaryimage\"},\"thumbnailUrl\":\"https:\/\/abensac.es\/wp-content\/uploads\/2025\/09\/20250927_1719_Cocineros-en-Accion_simple_compose_01k65w0tstfjc97w1hfs9gncz2.png\",\"datePublished\":\"2025-09-27T15:26:07+00:00\",\"dateModified\":\"2026-03-27T08:47:39+00:00\",\"author\":{\"@id\":\"https:\/\/abensac.es\/#\/schema\/person\/49b72f276b076cf1ffccdf834a9bd076\"},\"description\":\"La l\u00ednea fr\u00eda revoluciona el catering institucional: m\u00e1s seguridad, eficiencia y calidad en cada servicio. Descubre todas sus ventajas.\",\"breadcrumb\":{\"@id\":\"https:\/\/abensac.es\/linea-fria-catering\/#breadcrumb\"},\"inLanguage\":\"en-GB\",\"potentialAction\":[{\"@type\":\"ReadAction\",\"target\":[\"https:\/\/abensac.es\/linea-fria-catering\/\"]}]},{\"@type\":\"ImageObject\",\"inLanguage\":\"en-GB\",\"@id\":\"https:\/\/abensac.es\/linea-fria-catering\/#primaryimage\",\"url\":\"https:\/\/abensac.es\/wp-content\/uploads\/2025\/09\/20250927_1719_Cocineros-en-Accion_simple_compose_01k65w0tstfjc97w1hfs9gncz2.png\",\"contentUrl\":\"https:\/\/abensac.es\/wp-content\/uploads\/2025\/09\/20250927_1719_Cocineros-en-Accion_simple_compose_01k65w0tstfjc97w1hfs9gncz2.png\",\"width\":1536,\"height\":1024,\"caption\":\"Fotograf\u00eda de cocineros profesionales preparando las raciones para servirlas\"},{\"@type\":\"BreadcrumbList\",\"@id\":\"https:\/\/abensac.es\/linea-fria-catering\/#breadcrumb\",\"itemListElement\":[{\"@type\":\"ListItem\",\"position\":1,\"name\":\"Portada\",\"item\":\"https:\/\/abensac.es\/\"},{\"@type\":\"ListItem\",\"position\":2,\"name\":\"C\u00f3mo la l\u00ednea fr\u00eda revoluciona el catering institucional\"}]},{\"@type\":\"WebSite\",\"@id\":\"https:\/\/abensac.es\/#website\",\"url\":\"https:\/\/abensac.es\/\",\"name\":\"ABENSAC SCA\",\"description\":\"\",\"potentialAction\":[{\"@type\":\"SearchAction\",\"target\":{\"@type\":\"EntryPoint\",\"urlTemplate\":\"https:\/\/abensac.es\/?s={search_term_string}\"},\"query-input\":{\"@type\":\"PropertyValueSpecification\",\"valueRequired\":true,\"valueName\":\"search_term_string\"}}],\"inLanguage\":\"en-GB\"},{\"@type\":\"Person\",\"@id\":\"https:\/\/abensac.es\/#\/schema\/person\/49b72f276b076cf1ffccdf834a9bd076\",\"name\":\"webbeard18\",\"image\":{\"@type\":\"ImageObject\",\"inLanguage\":\"en-GB\",\"@id\":\"https:\/\/abensac.es\/#\/schema\/person\/image\/\",\"url\":\"https:\/\/secure.gravatar.com\/avatar\/57c3c7ec0f9d2420d6670a90f06488145d49d358bc9257d2a3af1ecdd0cc7b34?s=96&d=mm&r=g\",\"contentUrl\":\"https:\/\/secure.gravatar.com\/avatar\/57c3c7ec0f9d2420d6670a90f06488145d49d358bc9257d2a3af1ecdd0cc7b34?s=96&d=mm&r=g\",\"caption\":\"webbeard18\"},\"sameAs\":[\"https:\/\/abensac.es\"],\"url\":\"https:\/\/abensac.es\/en\/author\/webbeard18\/\"}]}<\/script>\n<!-- \/ Yoast SEO plugin. -->","yoast_head_json":{"title":"ABENSAC SCA | L\u00ednea fr\u00eda en catering: ventajas clave","description":"La l\u00ednea fr\u00eda revoluciona el catering institucional: m\u00e1s seguridad, eficiencia y calidad en cada servicio. Descubre todas sus ventajas.","robots":{"index":"index","follow":"follow","max-snippet":"max-snippet:-1","max-image-preview":"max-image-preview:large","max-video-preview":"max-video-preview:-1"},"canonical":"https:\/\/abensac.es\/en\/linea-fria-catering\/","og_locale":"en_GB","og_type":"article","og_title":"ABENSAC SCA | L\u00ednea fr\u00eda en catering: ventajas clave","og_description":"La l\u00ednea fr\u00eda revoluciona el catering institucional: m\u00e1s seguridad, eficiencia y calidad en cada servicio. Descubre todas sus ventajas.","og_url":"https:\/\/abensac.es\/en\/linea-fria-catering\/","og_site_name":"ABENSAC SCA","article_published_time":"2025-09-27T15:26:07+00:00","article_modified_time":"2026-03-27T08:47:39+00:00","og_image":[{"width":1024,"height":683,"url":"https:\/\/abensac.es\/wp-content\/uploads\/2025\/09\/20250927_1719_Cocineros-en-Accion_simple_compose_01k65w0tstfjc97w1hfs9gncz2-1024x683.png","type":"image\/png"}],"author":"webbeard18","twitter_card":"summary_large_image","twitter_misc":{"Written by":"webbeard18","Estimated reading time":"1 minute"},"schema":{"@context":"https:\/\/schema.org","@graph":[{"@type":"WebPage","@id":"https:\/\/abensac.es\/linea-fria-catering\/","url":"https:\/\/abensac.es\/linea-fria-catering\/","name":"ABENSAC SCA | L\u00ednea fr\u00eda en catering: ventajas clave","isPartOf":{"@id":"https:\/\/abensac.es\/#website"},"primaryImageOfPage":{"@id":"https:\/\/abensac.es\/linea-fria-catering\/#primaryimage"},"image":{"@id":"https:\/\/abensac.es\/linea-fria-catering\/#primaryimage"},"thumbnailUrl":"https:\/\/abensac.es\/wp-content\/uploads\/2025\/09\/20250927_1719_Cocineros-en-Accion_simple_compose_01k65w0tstfjc97w1hfs9gncz2.png","datePublished":"2025-09-27T15:26:07+00:00","dateModified":"2026-03-27T08:47:39+00:00","author":{"@id":"https:\/\/abensac.es\/#\/schema\/person\/49b72f276b076cf1ffccdf834a9bd076"},"description":"La l\u00ednea fr\u00eda revoluciona el catering institucional: m\u00e1s seguridad, eficiencia y calidad en cada servicio. Descubre todas sus ventajas.","breadcrumb":{"@id":"https:\/\/abensac.es\/linea-fria-catering\/#breadcrumb"},"inLanguage":"en-GB","potentialAction":[{"@type":"ReadAction","target":["https:\/\/abensac.es\/linea-fria-catering\/"]}]},{"@type":"ImageObject","inLanguage":"en-GB","@id":"https:\/\/abensac.es\/linea-fria-catering\/#primaryimage","url":"https:\/\/abensac.es\/wp-content\/uploads\/2025\/09\/20250927_1719_Cocineros-en-Accion_simple_compose_01k65w0tstfjc97w1hfs9gncz2.png","contentUrl":"https:\/\/abensac.es\/wp-content\/uploads\/2025\/09\/20250927_1719_Cocineros-en-Accion_simple_compose_01k65w0tstfjc97w1hfs9gncz2.png","width":1536,"height":1024,"caption":"Fotograf\u00eda de cocineros profesionales preparando las raciones para servirlas"},{"@type":"BreadcrumbList","@id":"https:\/\/abensac.es\/linea-fria-catering\/#breadcrumb","itemListElement":[{"@type":"ListItem","position":1,"name":"Portada","item":"https:\/\/abensac.es\/"},{"@type":"ListItem","position":2,"name":"C\u00f3mo la l\u00ednea fr\u00eda revoluciona el catering institucional"}]},{"@type":"WebSite","@id":"https:\/\/abensac.es\/#website","url":"https:\/\/abensac.es\/","name":"ABENSAC SCA","description":"","potentialAction":[{"@type":"SearchAction","target":{"@type":"EntryPoint","urlTemplate":"https:\/\/abensac.es\/?s={search_term_string}"},"query-input":{"@type":"PropertyValueSpecification","valueRequired":true,"valueName":"search_term_string"}}],"inLanguage":"en-GB"},{"@type":"Person","@id":"https:\/\/abensac.es\/#\/schema\/person\/49b72f276b076cf1ffccdf834a9bd076","name":"webbeard18","image":{"@type":"ImageObject","inLanguage":"en-GB","@id":"https:\/\/abensac.es\/#\/schema\/person\/image\/","url":"https:\/\/secure.gravatar.com\/avatar\/57c3c7ec0f9d2420d6670a90f06488145d49d358bc9257d2a3af1ecdd0cc7b34?s=96&d=mm&r=g","contentUrl":"https:\/\/secure.gravatar.com\/avatar\/57c3c7ec0f9d2420d6670a90f06488145d49d358bc9257d2a3af1ecdd0cc7b34?s=96&d=mm&r=g","caption":"webbeard18"},"sameAs":["https:\/\/abensac.es"],"url":"https:\/\/abensac.es\/en\/author\/webbeard18\/"}]}},"_links":{"self":[{"href":"https:\/\/abensac.es\/en\/wp-json\/wp\/v2\/posts\/126","targetHints":{"allow":["GET"]}}],"collection":[{"href":"https:\/\/abensac.es\/en\/wp-json\/wp\/v2\/posts"}],"about":[{"href":"https:\/\/abensac.es\/en\/wp-json\/wp\/v2\/types\/post"}],"author":[{"embeddable":true,"href":"https:\/\/abensac.es\/en\/wp-json\/wp\/v2\/users\/1"}],"replies":[{"embeddable":true,"href":"https:\/\/abensac.es\/en\/wp-json\/wp\/v2\/comments?post=126"}],"version-history":[{"count":1,"href":"https:\/\/abensac.es\/en\/wp-json\/wp\/v2\/posts\/126\/revisions"}],"predecessor-version":[{"id":128,"href":"https:\/\/abensac.es\/en\/wp-json\/wp\/v2\/posts\/126\/revisions\/128"}],"wp:featuredmedia":[{"embeddable":true,"href":"https:\/\/abensac.es\/en\/wp-json\/wp\/v2\/media\/127"}],"wp:attachment":[{"href":"https:\/\/abensac.es\/en\/wp-json\/wp\/v2\/media?parent=126"}],"wp:term":[{"taxonomy":"category","embeddable":true,"href":"https:\/\/abensac.es\/en\/wp-json\/wp\/v2\/categories?post=126"},{"taxonomy":"post_tag","embeddable":true,"href":"https:\/\/abensac.es\/en\/wp-json\/wp\/v2\/tags?post=126"}],"curies":[{"name":"wp","href":"https:\/\/api.w.org\/{rel}","templated":true}]}}